{"id":2589,"date":"2021-01-25T15:43:17","date_gmt":"2021-01-25T15:43:17","guid":{"rendered":"https:\/\/immatapies.com\/8-motius-per-a-contractar-una-funeral-planner\/"},"modified":"2021-01-25T18:46:59","modified_gmt":"2021-01-25T18:46:59","slug":"8-motius-per-a-contractar-una-funeral-planner","status":"publish","type":"post","link":"https:\/\/immatapies.com\/ca\/8-motius-per-a-contractar-una-funeral-planner\/","title":{"rendered":"8 MOTIUS PER A CONTRACTAR UNA FUNERAL PLANNER"},"content":{"rendered":"\n<p>Una Funeral Planner, acompanya de forma integral els moments de p\u00e8rdua assessorant i guiant des del primer moment. Ajuda a crear el comiat i un homenatge que representi l&#8217;ess\u00e8ncia els valors i les creences de la persona difunta i la seva fam\u00edlia. Acompanya les emocions que es generen a causa de la mort d&#8217;una forma amable i serena i en les primeres fases del proc\u00e9s de dol.<\/p>\n\n<h2 class=\"wp-block-heading\"><strong>01 Us explicar\u00e0 sobre la import\u00e0ncia de fer un comiat.<\/strong><\/h2>\n\n<p>Fer un bon comiat \u00e9s important i reconfortant per a la fam\u00edla i amics. Aquest comiat ser\u00e0 un acte d&#8217;homenatge per recordar els moments compartits i el llegat de la persona i es la millor manera de tancar un cicle que inevitablement toca viure.<\/p>\n\n<p>Parar un moment el m\u00f3n perqu\u00e8 hem de dir ad\u00e9u a alg\u00fa estimat, \u00e9s un acte d&#8217;amor que ens ajudar\u00e0, tamb\u00e9, a transitar el dol i a acceptar la p\u00e8rdua d&#8217;una forma m\u00e9s amable, ja que haurem fet alguna cosa bonica per qui estimem&#8230;<\/p>\n\n<p><\/p>\n\n<h2 class=\"wp-block-heading\"><strong>02 Aportar\u00e0 calma en aquest moment de xoc emocional amb la seva serenitat, ja que \u00e9s especialista en acompanyament al dol<\/strong><\/h2>\n\n<p>La not\u00edcia de la mort d&#8217;una persona estimada, produeix un estat de shock que provoca bloqueig, incredulitat i la dificultat per acceptar la situaci\u00f3.<\/p>\n\n<p>La Funeral Planner escoltar\u00e0, donar\u00e0 suport a la fam\u00edlia i estar\u00e0 disponible per a les necessitats que puguin sorgir.<\/p>\n\n<p>Dins de la mateixa fam\u00edlia hi haur\u00e0 diferents nivells d&#8217;aferrament depenent de la relaci\u00f3 amb la persona que ha mort, aix\u00f2 far\u00e0 que cadasc\u00fa ho visqui d&#8217;una forma particular i ser\u00e0 molt important que tots els integrants de la fam\u00edlia puguin rebre l&#8217;atenci\u00f3 particular que necessitin.<\/p>\n\n<h2 class=\"wp-block-heading\"><strong>03 Aportar\u00e0 idees perqu\u00e8 el funeral representi els valors i forma de viure de la persona difunta<\/strong><\/h2>\n\n<p>Hi ha tantes maneres de fer un comiat com persones aix\u00ed que despr\u00e9s d&#8217;haver tingut una conversa en la qual a trav\u00e9s d&#8217;algunes preguntes i la seva experi\u00e8ncia, la Funeral Planner, us proposar\u00e0 idees perqu\u00e8 el comiat representi l&#8217;ess\u00e8ncia de la persona, els seus valors i sigui coherent amb les seves creences i la seva traject\u00f2ria de vida.<\/p>\n\n<h2 class=\"wp-block-heading\"><strong>04 Si ja teniu clar com voleu que sigui la cerim\u00f2nia de comiat, donar\u00e0 forma a les vostres idees per fer-les realitat<\/strong><\/h2>\n\n<p>Si ja heu pogut pensar de quina forma us agradaria acomiadar al vostre familiar o sabeu dels seus desitjos envers aquest moment, us ajudar\u00e0 donar-li forma facilitant-vos tot els preparatius i facilitant-vos totes les gestions per a que aquest comiat es realitzi tal i com heu imaginat i desitgeu.<\/p>\n\n<h2 class=\"wp-block-heading\"><strong>05 Us explicar\u00e0 totes les opcions que hi ha a partir del moment en qu\u00e8 es produeix la mort<\/strong><\/h2>\n\n<p>En els primers moments \u00e9s quan s&#8217;han de prendre la majoria de decisions i precisament \u00e9s quan la fam\u00edlia es troba en estat de xoc per la not\u00edcia de la p\u00e8rdua. Per aix\u00f2 \u00e9s molt important l&#8217;assessorament sobre les possibilitats que hi ha al voltant d&#8217;aquestes decisions perqu\u00e8 aquest moment representi en valors i creences a la persona difunta.&#13;\n<\/p>\n\n<p>La Funeral Planner, us explicar\u00e0 de forma clara totes les opcions en l&#8217;\u00e0mbit de vetlla, de gesti\u00f3 funer\u00e0ria, de lloc de celebraci\u00f3 de la cerim\u00f2nia, gestions administratives&#8230; &#13;\n<\/p>\n\n<p>El desconeixement en tots aquests moments, \u00e9s normal, ja que \u00e9s una situaci\u00f3 que es presenta de forma puntual a la vida de les fam\u00edlies i no forma part de les decisions habituals. <\/p>\n\n<h2 class=\"wp-block-heading\"><strong>06 Us assessorar\u00e0 per ajudar-vos a prendre millors decisions<\/strong><\/h2>\n\n<p>Les reaccions de cada persona davant la p\u00e8rdua d&#8217;alg\u00fa estimat, varien depenent de les circumst\u00e0ncies de la mort, del vincle, de les eines personals per a gestionar les diferents situacions de la vida, del suport sociofamiliar, d&#8217;aspectes econ\u00f2mics, del sentiment de culpa&#8230;<\/p>\n\n<p> Tots aquests factors afectaran en la presa de decisions, per aix\u00f2 \u00e9s molt important el suport d&#8217;una persona amb l&#8217;experi\u00e8ncia que us pugui guiar i assessorar en les diferents opcions i triar les que millor s&#8217;adaptin a les vostres necessitats amb tranquil\u00b7litat i consci\u00e8ncia, sense oblidar en cap moment els valors i creences de la persona difunta.<\/p>\n\n<h2 class=\"wp-block-heading\"><strong>07 \u00c9s una experta en trobar i aportar solucions<\/strong><\/h2>\n\n<p>Durant tot aquest proc\u00e9s poden sorgir diferents q\u00fcestions que s&#8217;hauran de solucionar. Poder comptar amb l&#8217;ajuda i l&#8217;experi\u00e8ncia d&#8217;una Funeral Planner us aportar\u00e0 la tranquil\u00b7litat necess\u00e0ria en aquest moment de p\u00e8rdua.<\/p>\n\n<h2 class=\"wp-block-heading\"><strong>08 Assessorament en els tr\u00e0mits administratius<\/strong><\/h2>\n\n<p>La Funeral Planner us informar\u00e0 de totes les gestions administratives que s\u2019han de realitzar relacionades amb la persona morta i la fam\u00edlia. <\/p>\n\n<p><\/p>\n","protected":false},"excerpt":{"rendered":"<p>Una Funeral Planner, acompanya de forma integral els moments de p\u00e8rdua assessorant i guiant des del primer moment. Ajuda a crear el comiat i un homenatge que representi l&#8217;ess\u00e8ncia els valors i les creences de la persona difunta i la seva fam\u00edlia. Acompanya les emocions que es generen a causa de la mort d&#8217;una forma [&hellip;]<\/p>\n","protected":false},"author":4,"featured_media":2587,"comment_status":"open","ping_status":"open","sticky":false,"template":"","format":"standard","meta":{"_mo_disable_npp":"","_genesis_hide_title":false,"_genesis_hide_breadcrumbs":false,"_genesis_hide_singular_image":false,"_genesis_hide_footer_widgets":false,"_genesis_custom_body_class":"","_genesis_custom_post_class":"","_genesis_layout":"","footnotes":""},"categories":[51],"tags":[71,74,75,76,77,94],"class_list":{"0":"post-2589","1":"post","2":"type-post","3":"status-publish","4":"format-standard","5":"has-post-thumbnail","7":"category-sense-categoria","8":"tag-dol-ca","9":"tag-funeral-ca","10":"tag-funeral-alternatiu-ca","11":"tag-funeral-autentic-ca","12":"tag-funeral-planner-ca","13":"tag-funeral-planner-ca-2","14":"entry"},"yoast_head":"<!-- This site is optimized with the Yoast SEO plugin v17.4 - https:\/\/yoast.com\/wordpress\/plugins\/seo\/ -->\n<title>8 MOTIUS PER A CONTRACTAR UNA FUNERAL PLANNER - Imma Tapies<\/title>\n<meta name=\"robots\" content=\"index, follow, max-snippet:-1, max-image-preview:large, max-video-preview:-1\" \/>\n<link rel=\"canonical\" href=\"https:\/\/immatapies.com\/ca\/8-motius-per-a-contractar-una-funeral-planner\/\" \/>\n<meta property=\"og:locale\" content=\"ca_ES\" \/>\n<meta property=\"og:type\" content=\"article\" \/>\n<meta property=\"og:title\" content=\"8 MOTIUS PER A CONTRACTAR UNA FUNERAL PLANNER - Imma Tapies\" \/>\n<meta property=\"og:description\" content=\"Una Funeral Planner, acompanya de forma integral els moments de p\u00e8rdua assessorant i guiant des del primer moment. Ajuda a crear el comiat i un homenatge que representi l&#8217;ess\u00e8ncia els valors i les creences de la persona difunta i la seva fam\u00edlia. Acompanya les emocions que es generen a causa de la mort d&#8217;una forma [&hellip;]\" \/>\n<meta property=\"og:url\" content=\"https:\/\/immatapies.com\/ca\/8-motius-per-a-contractar-una-funeral-planner\/\" \/>\n<meta property=\"og:site_name\" content=\"Imma Tapies\" \/>\n<meta property=\"article:publisher\" content=\"https:\/\/www.facebook.com\/Imma-T%c3%a0pies-Coach-107815320917707\/\" \/>\n<meta property=\"article:published_time\" content=\"2021-01-25T15:43:17+00:00\" \/>\n<meta property=\"article:modified_time\" content=\"2021-01-25T18:46:59+00:00\" \/>\n<meta property=\"og:image\" content=\"https:\/\/immatapies.com\/wp-content\/uploads\/2021\/01\/Pinterest-1.jpg\" \/>\n\t<meta property=\"og:image:width\" content=\"1000\" \/>\n\t<meta property=\"og:image:height\" content=\"1500\" \/>\n<meta name=\"twitter:card\" content=\"summary_large_image\" \/>\n<meta name=\"twitter:label1\" content=\"Escrit per\" \/>\n\t<meta name=\"twitter:data1\" content=\"Imma\" \/>\n\t<meta name=\"twitter:label2\" content=\"Temps estimat de lectura\" \/>\n\t<meta name=\"twitter:data2\" content=\"4 minuts\" \/>\n<script type=\"application\/ld+json\" class=\"yoast-schema-graph\">{\"@context\":\"https:\/\/schema.org\",\"@graph\":[{\"@type\":\"WebSite\",\"@id\":\"https:\/\/immatapies.com\/#website\",\"url\":\"https:\/\/immatapies.com\/\",\"name\":\"Imma Tapies\",\"description\":\"Creadora de la carpeta M\\u00c1SDEM\\u00cd, legado emocional\",\"potentialAction\":[{\"@type\":\"SearchAction\",\"target\":{\"@type\":\"EntryPoint\",\"urlTemplate\":\"https:\/\/immatapies.com\/?s={search_term_string}\"},\"query-input\":\"required name=search_term_string\"}],\"inLanguage\":\"ca\"},{\"@type\":\"ImageObject\",\"@id\":\"https:\/\/immatapies.com\/ca\/8-motius-per-a-contractar-una-funeral-planner\/#primaryimage\",\"inLanguage\":\"ca\",\"url\":\"https:\/\/immatapies.com\/wp-content\/uploads\/2021\/01\/Pinterest-1.jpg\",\"contentUrl\":\"https:\/\/immatapies.com\/wp-content\/uploads\/2021\/01\/Pinterest-1.jpg\",\"width\":1000,\"height\":1500,\"caption\":\"contratar un funeral planner\"},{\"@type\":\"WebPage\",\"@id\":\"https:\/\/immatapies.com\/ca\/8-motius-per-a-contractar-una-funeral-planner\/#webpage\",\"url\":\"https:\/\/immatapies.com\/ca\/8-motius-per-a-contractar-una-funeral-planner\/\",\"name\":\"8 MOTIUS PER A CONTRACTAR UNA FUNERAL PLANNER - Imma Tapies\",\"isPartOf\":{\"@id\":\"https:\/\/immatapies.com\/#website\"},\"primaryImageOfPage\":{\"@id\":\"https:\/\/immatapies.com\/ca\/8-motius-per-a-contractar-una-funeral-planner\/#primaryimage\"},\"datePublished\":\"2021-01-25T15:43:17+00:00\",\"dateModified\":\"2021-01-25T18:46:59+00:00\",\"author\":{\"@id\":\"https:\/\/immatapies.com\/#\/schema\/person\/e0bc5e71d0a399049e3518c533b71db7\"},\"breadcrumb\":{\"@id\":\"https:\/\/immatapies.com\/ca\/8-motius-per-a-contractar-una-funeral-planner\/#breadcrumb\"},\"inLanguage\":\"ca\",\"potentialAction\":[{\"@type\":\"ReadAction\",\"target\":[\"https:\/\/immatapies.com\/ca\/8-motius-per-a-contractar-una-funeral-planner\/\"]}]},{\"@type\":\"BreadcrumbList\",\"@id\":\"https:\/\/immatapies.com\/ca\/8-motius-per-a-contractar-una-funeral-planner\/#breadcrumb\",\"itemListElement\":[{\"@type\":\"ListItem\",\"position\":1,\"name\":\"Portada\",\"item\":\"https:\/\/immatapies.com\/\"},{\"@type\":\"ListItem\",\"position\":2,\"name\":\"8 MOTIUS PER A CONTRACTAR UNA FUNERAL PLANNER\"}]},{\"@type\":\"Person\",\"@id\":\"https:\/\/immatapies.com\/#\/schema\/person\/e0bc5e71d0a399049e3518c533b71db7\",\"name\":\"Imma\",\"image\":{\"@type\":\"ImageObject\",\"@id\":\"https:\/\/immatapies.com\/#personlogo\",\"inLanguage\":\"ca\",\"url\":\"https:\/\/secure.gravatar.com\/avatar\/6295618efb727a05db540b853f73a8660158786c4b175be6b518f03f8cd02735?s=96&d=mm&r=g\",\"contentUrl\":\"https:\/\/secure.gravatar.com\/avatar\/6295618efb727a05db540b853f73a8660158786c4b175be6b518f03f8cd02735?s=96&d=mm&r=g\",\"caption\":\"Imma\"},\"url\":\"https:\/\/immatapies.com\/ca\/author\/imma\/\"}]}<\/script>\n<!-- \/ Yoast SEO plugin. -->","yoast_head_json":{"title":"8 MOTIUS PER A CONTRACTAR UNA FUNERAL PLANNER - Imma Tapies","robots":{"index":"index","follow":"follow","max-snippet":"max-snippet:-1","max-image-preview":"max-image-preview:large","max-video-preview":"max-video-preview:-1"},"canonical":"https:\/\/immatapies.com\/ca\/8-motius-per-a-contractar-una-funeral-planner\/","og_locale":"ca_ES","og_type":"article","og_title":"8 MOTIUS PER A CONTRACTAR UNA FUNERAL PLANNER - Imma Tapies","og_description":"Una Funeral Planner, acompanya de forma integral els moments de p\u00e8rdua assessorant i guiant des del primer moment. Ajuda a crear el comiat i un homenatge que representi l&#8217;ess\u00e8ncia els valors i les creences de la persona difunta i la seva fam\u00edlia. Acompanya les emocions que es generen a causa de la mort d&#8217;una forma [&hellip;]","og_url":"https:\/\/immatapies.com\/ca\/8-motius-per-a-contractar-una-funeral-planner\/","og_site_name":"Imma Tapies","article_publisher":"https:\/\/www.facebook.com\/Imma-T%c3%a0pies-Coach-107815320917707\/","article_published_time":"2021-01-25T15:43:17+00:00","article_modified_time":"2021-01-25T18:46:59+00:00","og_image":[{"width":1000,"height":1500,"url":"https:\/\/immatapies.com\/wp-content\/uploads\/2021\/01\/Pinterest-1.jpg","type":"image\/jpeg"}],"twitter_card":"summary_large_image","twitter_misc":{"Escrit per":"Imma","Temps estimat de lectura":"4 minuts"},"schema":{"@context":"https:\/\/schema.org","@graph":[{"@type":"WebSite","@id":"https:\/\/immatapies.com\/#website","url":"https:\/\/immatapies.com\/","name":"Imma Tapies","description":"Creadora de la carpeta M\u00c1SDEM\u00cd, legado emocional","potentialAction":[{"@type":"SearchAction","target":{"@type":"EntryPoint","urlTemplate":"https:\/\/immatapies.com\/?s={search_term_string}"},"query-input":"required name=search_term_string"}],"inLanguage":"ca"},{"@type":"ImageObject","@id":"https:\/\/immatapies.com\/ca\/8-motius-per-a-contractar-una-funeral-planner\/#primaryimage","inLanguage":"ca","url":"https:\/\/immatapies.com\/wp-content\/uploads\/2021\/01\/Pinterest-1.jpg","contentUrl":"https:\/\/immatapies.com\/wp-content\/uploads\/2021\/01\/Pinterest-1.jpg","width":1000,"height":1500,"caption":"contratar un funeral planner"},{"@type":"WebPage","@id":"https:\/\/immatapies.com\/ca\/8-motius-per-a-contractar-una-funeral-planner\/#webpage","url":"https:\/\/immatapies.com\/ca\/8-motius-per-a-contractar-una-funeral-planner\/","name":"8 MOTIUS PER A CONTRACTAR UNA FUNERAL PLANNER - Imma Tapies","isPartOf":{"@id":"https:\/\/immatapies.com\/#website"},"primaryImageOfPage":{"@id":"https:\/\/immatapies.com\/ca\/8-motius-per-a-contractar-una-funeral-planner\/#primaryimage"},"datePublished":"2021-01-25T15:43:17+00:00","dateModified":"2021-01-25T18:46:59+00:00","author":{"@id":"https:\/\/immatapies.com\/#\/schema\/person\/e0bc5e71d0a399049e3518c533b71db7"},"breadcrumb":{"@id":"https:\/\/immatapies.com\/ca\/8-motius-per-a-contractar-una-funeral-planner\/#breadcrumb"},"inLanguage":"ca","potentialAction":[{"@type":"ReadAction","target":["https:\/\/immatapies.com\/ca\/8-motius-per-a-contractar-una-funeral-planner\/"]}]},{"@type":"BreadcrumbList","@id":"https:\/\/immatapies.com\/ca\/8-motius-per-a-contractar-una-funeral-planner\/#breadcrumb","itemListElement":[{"@type":"ListItem","position":1,"name":"Portada","item":"https:\/\/immatapies.com\/"},{"@type":"ListItem","position":2,"name":"8 MOTIUS PER A CONTRACTAR UNA FUNERAL PLANNER"}]},{"@type":"Person","@id":"https:\/\/immatapies.com\/#\/schema\/person\/e0bc5e71d0a399049e3518c533b71db7","name":"Imma","image":{"@type":"ImageObject","@id":"https:\/\/immatapies.com\/#personlogo","inLanguage":"ca","url":"https:\/\/secure.gravatar.com\/avatar\/6295618efb727a05db540b853f73a8660158786c4b175be6b518f03f8cd02735?s=96&d=mm&r=g","contentUrl":"https:\/\/secure.gravatar.com\/avatar\/6295618efb727a05db540b853f73a8660158786c4b175be6b518f03f8cd02735?s=96&d=mm&r=g","caption":"Imma"},"url":"https:\/\/immatapies.com\/ca\/author\/imma\/"}]}},"_links":{"self":[{"href":"https:\/\/immatapies.com\/ca\/wp-json\/wp\/v2\/posts\/2589","targetHints":{"allow":["GET"]}}],"collection":[{"href":"https:\/\/immatapies.com\/ca\/wp-json\/wp\/v2\/posts"}],"about":[{"href":"https:\/\/immatapies.com\/ca\/wp-json\/wp\/v2\/types\/post"}],"author":[{"embeddable":true,"href":"https:\/\/immatapies.com\/ca\/wp-json\/wp\/v2\/users\/4"}],"replies":[{"embeddable":true,"href":"https:\/\/immatapies.com\/ca\/wp-json\/wp\/v2\/comments?post=2589"}],"version-history":[{"count":5,"href":"https:\/\/immatapies.com\/ca\/wp-json\/wp\/v2\/posts\/2589\/revisions"}],"predecessor-version":[{"id":2595,"href":"https:\/\/immatapies.com\/ca\/wp-json\/wp\/v2\/posts\/2589\/revisions\/2595"}],"wp:featuredmedia":[{"embeddable":true,"href":"https:\/\/immatapies.com\/ca\/wp-json\/wp\/v2\/media\/2587"}],"wp:attachment":[{"href":"https:\/\/immatapies.com\/ca\/wp-json\/wp\/v2\/media?parent=2589"}],"wp:term":[{"taxonomy":"category","embeddable":true,"href":"https:\/\/immatapies.com\/ca\/wp-json\/wp\/v2\/categories?post=2589"},{"taxonomy":"post_tag","embeddable":true,"href":"https:\/\/immatapies.com\/ca\/wp-json\/wp\/v2\/tags?post=2589"}],"curies":[{"name":"wp","href":"https:\/\/api.w.org\/{rel}","templated":true}]}}