{"id":1753,"date":"2020-05-16T15:40:45","date_gmt":"2020-05-16T15:40:45","guid":{"rendered":"https:\/\/immatapies.com\/sobre-mi\/"},"modified":"2021-01-19T15:01:59","modified_gmt":"2021-01-19T15:01:59","slug":"sobre-mi","status":"publish","type":"post","link":"https:\/\/immatapies.com\/ca\/sobre-mi\/","title":{"rendered":"Sobre mi"},"content":{"rendered":"\n<p>M&#8217;agradaria que les primeres paraules que recordessis sobre mi fossin naturalitat, proximitat, autenticitat i confian\u00e7a. Connectada amb aquestes quatre paraules i amb molt amor, el novembre de 2019 vaig comen\u00e7ar ha desenvolupar el meu projecte d&#8217;acompanyar a les persones en els moments de p\u00e8rdua. Ho faig creant llegats emocionals, transformant els funerals en celebracions de vida viscuda i acompanyant en el proc\u00e9s de dol.<\/p>\n\n<p>Al llarg de la vida, he tingut p\u00e8rdues de persones estimades, per\u00f2 sobretot la que em va obrir a la reflexi\u00f3, va ser quan fa 13 anys es va morir una de les meves millors amigues d&#8217;una malaltia. La seva mort i tot el que va envoltar el seu comiat, m&#8217;ha fet ser observadora, reflexionar i saber que vull aportar alguna cosa m\u00e9s a les fam\u00edlies que han viscut o veuen prop el moment de l&#8217;adeu.<\/p>\n\n<p>Durant els \u00faltims 4 anys, m&#8217;he format en Coaching, PNL, Intel\u00b7lig\u00e8ncia emocional i acompanyament al dol. Despr\u00e9s de setze anys treballant a l&#8217;obra p\u00fablica, he decidit fer un canvi per dedicar-me a all\u00f2 que em connecta amb la meva ess\u00e8ncia.<\/p>\n\n<p>Dedico part del meu temps lliure a fer de volunt\u00e0ria a l&#8217;hospital fent companyia a malalts. M&#8217;agrada cuidar als que tinc a prop, fer passejos amb el gos, llegir per volar i llegir per aprendre. Ajunto sempre que puc a amics i fam\u00edlia al voltant d&#8217;un dinar perqu\u00e8 em sento feli\u00e7 cuinant per qui estimo.<\/p>\n\n<p><\/p>\n","protected":false},"excerpt":{"rendered":"<p>M&#8217;agradaria que les primeres paraules que recordessis sobre mi fossin naturalitat, proximitat, autenticitat i confian\u00e7a. Connectada amb aquestes quatre paraules i amb molt amor, el novembre de 2019 vaig comen\u00e7ar ha desenvolupar el meu projecte d&#8217;acompanyar a les persones en els moments de p\u00e8rdua. Ho faig creant llegats emocionals, transformant els funerals en celebracions de [&hellip;]<\/p>\n","protected":false},"author":4,"featured_media":1755,"comment_status":"open","ping_status":"open","sticky":false,"template":"","format":"standard","meta":{"_mo_disable_npp":"","_genesis_hide_title":false,"_genesis_hide_breadcrumbs":false,"_genesis_hide_singular_image":false,"_genesis_hide_footer_widgets":false,"_genesis_custom_body_class":"","_genesis_custom_post_class":"","_genesis_layout":"","footnotes":""},"categories":[63],"tags":[64,67,68,69,70,71,72,73,74,75,76,77,78,79,80,81,82,83,84,85,86,87,88,89],"class_list":{"0":"post-1753","1":"post","2":"type-post","3":"status-publish","4":"format-standard","5":"has-post-thumbnail","7":"category-sobre-mi-ca","8":"tag-biohomenatge-ca","9":"tag-ceremonia-ca","10":"tag-comiat-ca","11":"tag-comiat-alternatiu-ca","12":"tag-defuncion-ca","13":"tag-dol-ca","14":"tag-duelo-ca","15":"tag-fotohomenatge-ca","16":"tag-funeral-ca","17":"tag-funeral-alternatiu-ca","18":"tag-funeral-autentic-ca","19":"tag-funeral-planner-ca","20":"tag-homenatge-ca","21":"tag-homenatge-alernatiu-ca","22":"tag-idees-comiat-homenatge-ca","23":"tag-imma-tapies-2-ca","24":"tag-llegat-ca","25":"tag-llegat-emocional-ca","26":"tag-llegatculinari-ca","27":"tag-mort-ca","28":"tag-muerte-ca","29":"tag-musichomenatge-ca","30":"tag-reconeixement-ca","31":"tag-vida-viscuda-ca","32":"entry"},"yoast_head":"<!-- This site is optimized with the Yoast SEO plugin v17.4 - https:\/\/yoast.com\/wordpress\/plugins\/seo\/ -->\n<title>Sobre mi - Imma Tapies<\/title>\n<meta name=\"robots\" content=\"index, follow, max-snippet:-1, max-image-preview:large, max-video-preview:-1\" \/>\n<link rel=\"canonical\" href=\"https:\/\/immatapies.com\/ca\/sobre-mi\/\" \/>\n<meta property=\"og:locale\" content=\"ca_ES\" \/>\n<meta property=\"og:type\" content=\"article\" \/>\n<meta property=\"og:title\" content=\"Sobre mi - Imma Tapies\" \/>\n<meta property=\"og:description\" content=\"M&#8217;agradaria que les primeres paraules que recordessis sobre mi fossin naturalitat, proximitat, autenticitat i confian\u00e7a. Connectada amb aquestes quatre paraules i amb molt amor, el novembre de 2019 vaig comen\u00e7ar ha desenvolupar el meu projecte d&#8217;acompanyar a les persones en els moments de p\u00e8rdua. Ho faig creant llegats emocionals, transformant els funerals en celebracions de [&hellip;]\" \/>\n<meta property=\"og:url\" content=\"https:\/\/immatapies.com\/ca\/sobre-mi\/\" \/>\n<meta property=\"og:site_name\" content=\"Imma Tapies\" \/>\n<meta property=\"article:publisher\" content=\"https:\/\/www.facebook.com\/Imma-T%c3%a0pies-Coach-107815320917707\/\" \/>\n<meta property=\"article:published_time\" content=\"2020-05-16T15:40:45+00:00\" \/>\n<meta property=\"article:modified_time\" content=\"2021-01-19T15:01:59+00:00\" \/>\n<meta property=\"og:image\" content=\"https:\/\/immatapies.com\/wp-content\/uploads\/2020\/05\/INSTAGRAM-Imma-T\u00e0pies-Habla-con-Ruth-20200917-Barcelona-MoneoMoneo-0018.jpg\" \/>\n\t<meta property=\"og:image:width\" content=\"2250\" \/>\n\t<meta property=\"og:image:height\" content=\"1500\" \/>\n<meta name=\"twitter:card\" content=\"summary_large_image\" \/>\n<meta name=\"twitter:label1\" content=\"Escrit per\" \/>\n\t<meta name=\"twitter:data1\" content=\"Imma\" \/>\n\t<meta name=\"twitter:label2\" content=\"Temps estimat de lectura\" \/>\n\t<meta name=\"twitter:data2\" content=\"1 minut\" \/>\n<script type=\"application\/ld+json\" class=\"yoast-schema-graph\">{\"@context\":\"https:\/\/schema.org\",\"@graph\":[{\"@type\":\"WebSite\",\"@id\":\"https:\/\/immatapies.com\/#website\",\"url\":\"https:\/\/immatapies.com\/\",\"name\":\"Imma Tapies\",\"description\":\"Creadora de la carpeta M\\u00c1SDEM\\u00cd, legado emocional\",\"potentialAction\":[{\"@type\":\"SearchAction\",\"target\":{\"@type\":\"EntryPoint\",\"urlTemplate\":\"https:\/\/immatapies.com\/?s={search_term_string}\"},\"query-input\":\"required name=search_term_string\"}],\"inLanguage\":\"ca\"},{\"@type\":\"ImageObject\",\"@id\":\"https:\/\/immatapies.com\/ca\/sobre-mi\/#primaryimage\",\"inLanguage\":\"ca\",\"url\":\"https:\/\/immatapies.com\/wp-content\/uploads\/2020\/05\/INSTAGRAM-Imma-T\\u00e0pies-Habla-con-Ruth-20200917-Barcelona-MoneoMoneo-0018.jpg\",\"contentUrl\":\"https:\/\/immatapies.com\/wp-content\/uploads\/2020\/05\/INSTAGRAM-Imma-T\\u00e0pies-Habla-con-Ruth-20200917-Barcelona-MoneoMoneo-0018.jpg\",\"width\":2250,\"height\":1500},{\"@type\":\"WebPage\",\"@id\":\"https:\/\/immatapies.com\/ca\/sobre-mi\/#webpage\",\"url\":\"https:\/\/immatapies.com\/ca\/sobre-mi\/\",\"name\":\"Sobre mi - Imma Tapies\",\"isPartOf\":{\"@id\":\"https:\/\/immatapies.com\/#website\"},\"primaryImageOfPage\":{\"@id\":\"https:\/\/immatapies.com\/ca\/sobre-mi\/#primaryimage\"},\"datePublished\":\"2020-05-16T15:40:45+00:00\",\"dateModified\":\"2021-01-19T15:01:59+00:00\",\"author\":{\"@id\":\"https:\/\/immatapies.com\/#\/schema\/person\/e0bc5e71d0a399049e3518c533b71db7\"},\"breadcrumb\":{\"@id\":\"https:\/\/immatapies.com\/ca\/sobre-mi\/#breadcrumb\"},\"inLanguage\":\"ca\",\"potentialAction\":[{\"@type\":\"ReadAction\",\"target\":[\"https:\/\/immatapies.com\/ca\/sobre-mi\/\"]}]},{\"@type\":\"BreadcrumbList\",\"@id\":\"https:\/\/immatapies.com\/ca\/sobre-mi\/#breadcrumb\",\"itemListElement\":[{\"@type\":\"ListItem\",\"position\":1,\"name\":\"Portada\",\"item\":\"https:\/\/immatapies.com\/\"},{\"@type\":\"ListItem\",\"position\":2,\"name\":\"Sobre mi\"}]},{\"@type\":\"Person\",\"@id\":\"https:\/\/immatapies.com\/#\/schema\/person\/e0bc5e71d0a399049e3518c533b71db7\",\"name\":\"Imma\",\"image\":{\"@type\":\"ImageObject\",\"@id\":\"https:\/\/immatapies.com\/#personlogo\",\"inLanguage\":\"ca\",\"url\":\"https:\/\/secure.gravatar.com\/avatar\/6295618efb727a05db540b853f73a8660158786c4b175be6b518f03f8cd02735?s=96&d=mm&r=g\",\"contentUrl\":\"https:\/\/secure.gravatar.com\/avatar\/6295618efb727a05db540b853f73a8660158786c4b175be6b518f03f8cd02735?s=96&d=mm&r=g\",\"caption\":\"Imma\"},\"url\":\"https:\/\/immatapies.com\/ca\/author\/imma\/\"}]}<\/script>\n<!-- \/ Yoast SEO plugin. -->","yoast_head_json":{"title":"Sobre mi - Imma Tapies","robots":{"index":"index","follow":"follow","max-snippet":"max-snippet:-1","max-image-preview":"max-image-preview:large","max-video-preview":"max-video-preview:-1"},"canonical":"https:\/\/immatapies.com\/ca\/sobre-mi\/","og_locale":"ca_ES","og_type":"article","og_title":"Sobre mi - Imma Tapies","og_description":"M&#8217;agradaria que les primeres paraules que recordessis sobre mi fossin naturalitat, proximitat, autenticitat i confian\u00e7a. Connectada amb aquestes quatre paraules i amb molt amor, el novembre de 2019 vaig comen\u00e7ar ha desenvolupar el meu projecte d&#8217;acompanyar a les persones en els moments de p\u00e8rdua. Ho faig creant llegats emocionals, transformant els funerals en celebracions de [&hellip;]","og_url":"https:\/\/immatapies.com\/ca\/sobre-mi\/","og_site_name":"Imma Tapies","article_publisher":"https:\/\/www.facebook.com\/Imma-T%c3%a0pies-Coach-107815320917707\/","article_published_time":"2020-05-16T15:40:45+00:00","article_modified_time":"2021-01-19T15:01:59+00:00","og_image":[{"width":2250,"height":1500,"url":"https:\/\/immatapies.com\/wp-content\/uploads\/2020\/05\/INSTAGRAM-Imma-T\u00e0pies-Habla-con-Ruth-20200917-Barcelona-MoneoMoneo-0018.jpg","type":"image\/jpeg"}],"twitter_card":"summary_large_image","twitter_misc":{"Escrit per":"Imma","Temps estimat de lectura":"1 minut"},"schema":{"@context":"https:\/\/schema.org","@graph":[{"@type":"WebSite","@id":"https:\/\/immatapies.com\/#website","url":"https:\/\/immatapies.com\/","name":"Imma Tapies","description":"Creadora de la carpeta M\u00c1SDEM\u00cd, legado emocional","potentialAction":[{"@type":"SearchAction","target":{"@type":"EntryPoint","urlTemplate":"https:\/\/immatapies.com\/?s={search_term_string}"},"query-input":"required name=search_term_string"}],"inLanguage":"ca"},{"@type":"ImageObject","@id":"https:\/\/immatapies.com\/ca\/sobre-mi\/#primaryimage","inLanguage":"ca","url":"https:\/\/immatapies.com\/wp-content\/uploads\/2020\/05\/INSTAGRAM-Imma-T\u00e0pies-Habla-con-Ruth-20200917-Barcelona-MoneoMoneo-0018.jpg","contentUrl":"https:\/\/immatapies.com\/wp-content\/uploads\/2020\/05\/INSTAGRAM-Imma-T\u00e0pies-Habla-con-Ruth-20200917-Barcelona-MoneoMoneo-0018.jpg","width":2250,"height":1500},{"@type":"WebPage","@id":"https:\/\/immatapies.com\/ca\/sobre-mi\/#webpage","url":"https:\/\/immatapies.com\/ca\/sobre-mi\/","name":"Sobre mi - Imma Tapies","isPartOf":{"@id":"https:\/\/immatapies.com\/#website"},"primaryImageOfPage":{"@id":"https:\/\/immatapies.com\/ca\/sobre-mi\/#primaryimage"},"datePublished":"2020-05-16T15:40:45+00:00","dateModified":"2021-01-19T15:01:59+00:00","author":{"@id":"https:\/\/immatapies.com\/#\/schema\/person\/e0bc5e71d0a399049e3518c533b71db7"},"breadcrumb":{"@id":"https:\/\/immatapies.com\/ca\/sobre-mi\/#breadcrumb"},"inLanguage":"ca","potentialAction":[{"@type":"ReadAction","target":["https:\/\/immatapies.com\/ca\/sobre-mi\/"]}]},{"@type":"BreadcrumbList","@id":"https:\/\/immatapies.com\/ca\/sobre-mi\/#breadcrumb","itemListElement":[{"@type":"ListItem","position":1,"name":"Portada","item":"https:\/\/immatapies.com\/"},{"@type":"ListItem","position":2,"name":"Sobre mi"}]},{"@type":"Person","@id":"https:\/\/immatapies.com\/#\/schema\/person\/e0bc5e71d0a399049e3518c533b71db7","name":"Imma","image":{"@type":"ImageObject","@id":"https:\/\/immatapies.com\/#personlogo","inLanguage":"ca","url":"https:\/\/secure.gravatar.com\/avatar\/6295618efb727a05db540b853f73a8660158786c4b175be6b518f03f8cd02735?s=96&d=mm&r=g","contentUrl":"https:\/\/secure.gravatar.com\/avatar\/6295618efb727a05db540b853f73a8660158786c4b175be6b518f03f8cd02735?s=96&d=mm&r=g","caption":"Imma"},"url":"https:\/\/immatapies.com\/ca\/author\/imma\/"}]}},"_links":{"self":[{"href":"https:\/\/immatapies.com\/ca\/wp-json\/wp\/v2\/posts\/1753","targetHints":{"allow":["GET"]}}],"collection":[{"href":"https:\/\/immatapies.com\/ca\/wp-json\/wp\/v2\/posts"}],"about":[{"href":"https:\/\/immatapies.com\/ca\/wp-json\/wp\/v2\/types\/post"}],"author":[{"embeddable":true,"href":"https:\/\/immatapies.com\/ca\/wp-json\/wp\/v2\/users\/4"}],"replies":[{"embeddable":true,"href":"https:\/\/immatapies.com\/ca\/wp-json\/wp\/v2\/comments?post=1753"}],"version-history":[{"count":5,"href":"https:\/\/immatapies.com\/ca\/wp-json\/wp\/v2\/posts\/1753\/revisions"}],"predecessor-version":[{"id":2514,"href":"https:\/\/immatapies.com\/ca\/wp-json\/wp\/v2\/posts\/1753\/revisions\/2514"}],"wp:featuredmedia":[{"embeddable":true,"href":"https:\/\/immatapies.com\/ca\/wp-json\/wp\/v2\/media\/1755"}],"wp:attachment":[{"href":"https:\/\/immatapies.com\/ca\/wp-json\/wp\/v2\/media?parent=1753"}],"wp:term":[{"taxonomy":"category","embeddable":true,"href":"https:\/\/immatapies.com\/ca\/wp-json\/wp\/v2\/categories?post=1753"},{"taxonomy":"post_tag","embeddable":true,"href":"https:\/\/immatapies.com\/ca\/wp-json\/wp\/v2\/tags?post=1753"}],"curies":[{"name":"wp","href":"https:\/\/api.w.org\/{rel}","templated":true}]}}