{"id":1751,"date":"2020-05-16T15:44:13","date_gmt":"2020-05-16T15:44:13","guid":{"rendered":"https:\/\/immatapies.com\/llegat-emocional\/"},"modified":"2021-01-19T14:01:34","modified_gmt":"2021-01-19T14:01:34","slug":"llegat-emocional","status":"publish","type":"post","link":"https:\/\/immatapies.com\/ca\/llegat-emocional\/","title":{"rendered":"Llegat emocional"},"content":{"rendered":"\n<p>\u00bf<strong>Qu\u00e8 \u00e9s un llegat emocional?<\/strong><\/p>\n\n<p class=\"has-text-align-left\">Un llegat emocional \u00e9s un recull que fa la persona, de sentiments i desitjos expressats a trav\u00e9s de les paraules per dir el que sent o per acomiadar-se de qui estima. Aquest llegat, el rebran les persones que tri\u00ef en les condicions que indiqui, quan la persona hagi mort. Tamb\u00e9 hi ha indicacions sobre els detalls del seu comiat i desaparici\u00f3.<\/p>\n\n<p class=\"has-text-align-left\">Un llegat emocional \u00e9s no deixar-te coses per dir, sentiments per transmetre. \u00c9s acomiadar-te d&#8217;una forma emocionant i bonica, dir un t&#8217;estimo per \u00faltima vegada.<\/p>\n\n<p class=\"has-text-align-left\"><strong>I\u00a0 per qu\u00e8 voldria fer el llegat emocional?<\/strong><\/p>\n\n<p>T&#8217;imagines la il\u00b7lusi\u00f3 de la teva parella veient com recordes tants moments compartits junts, l&#8217;emoci\u00f3 dels teus fills en llegir un missatge teu o la cara de les teves n\u00e9tes al poder veure&#8217;t i escoltar la teva veu?<\/p>\n\n<p>Al llarg de la vida pensem en la mort, encara que no vivim amb la consci\u00e8ncia que en qualsevol moment pot produir-se, per\u00f2 hi ha moments en qu\u00e8 circumst\u00e0ncies properes a nosaltres ens fan pensar-hi. La vellesa, la malaltia d&#8217;un familiar o amic, la not\u00edcia d&#8217;un accident. En aquest moment s&#8217;obre una reflexi\u00f3 dins nostre que ens porta a q\u00fcestionar-nos i a afirmar-nos en certs valors, conviccions i pensaments.<\/p>\n\n<p>Tots hem fet un comentari envers el nostre comiat i desaparici\u00f3. Tenim clar el que volem. El llegat serveix perqu\u00e8 aquest pensament no es quedi en res.<\/p>\n\n<p><b>Que ens genera pensar en la pr\u00f2pia mort?<\/b><\/p>\n\n<p>He escoltat comentaris i reflexions amb diferents persones. Aquests s\u00f3n els pensaments que m\u00e9s es repeteixen:<\/p>\n\n<ul class=\"wp-block-list\"><li>Desig de que les persones que estimem no pateixin en aquest moment.<\/li><\/ul>\n<ul class=\"wp-block-list\"><li>Cicatritzar la ferida dels familiars amb les nostres paraules decomiat.<\/li><\/ul>\n<ul class=\"wp-block-list\"><li>Deixar tot organitzat per facilitar a la fam\u00edlia l&#8217;organitzaci\u00f3 del funeral o comiat.<\/li><\/ul>\n<ul class=\"wp-block-list\"><li>Nost\u00e0lgia per no poder participar de moments futurs.<\/li><\/ul>\n<ul class=\"wp-block-list\"><li>Necessitat d&#8217;expressar sentiments per trobar la manera d&#8217;estar en pau amb les persones que ens importen.<\/li><\/ul>\n<ul class=\"wp-block-list\"><li> Imaginar un funeral que ens representi en els nostres valors i dir la nostra.<\/li><\/ul>\n<ul class=\"wp-block-list\"><li> Deixar les coses arreglades en els aspectes materials.<\/li><\/ul>\n<p><strong>\u00bfCom \u00e9s un llegat emocional?<\/strong><\/p>\n\n<p>El m\u00e9s important d&#8217;un llegat emocional, es que sigui una part de tu, que t&#8217;ajudi a mostrar-te com ets i a expressar el que sents. S\u00f3n missatges d&#8217;amor que aporten valor i riquesa per al cor i l&#8217;\u00e0nima de les persones que estimem i que els ajudar\u00e0 a transitar el cam\u00ed del dol. Aquestes son algunes idees de llegat, tot i que es pot crear moltes coses, no hi ha l\u00edmit:<\/p>\n\n<ul class=\"wp-block-list\"><li>Gravar una can\u00e7\u00f3 de bressol o un conte per als teus besn\u00e9ts.<\/li><\/ul>\n<ul class=\"wp-block-list\"><li>Gravar un v\u00eddeo amb consells per a qui estimes.<\/li><\/ul>\n<ul class=\"wp-block-list\"><li>Una nota de veu per felicitar un aniversari, el primer dia d&#8217;institut o per ser llegida el dia del casament.<\/li><\/ul>\n<ul class=\"wp-block-list\"><li>Paraules que abracen en un dia de pluja, o en tots aquells moments en que tant et trobaran a faltar.<\/li><\/ul>\n<ul class=\"wp-block-list\"><li>Escrits recordant moments viscuts, an\u00e8cdotes compartides per despertar rialles en moments tristos.<\/li><\/ul>\n<ul class=\"wp-block-list\"><li>Recollir moments en \u00e0lbums de fotos.<\/li><\/ul>\n<ul class=\"wp-block-list\"><li>Fer un recull de receptes que es transformin en el teu llegat culinari.<\/li><\/ul>\n<ul class=\"wp-block-list\"><li>Un llegat art\u00edstic i d&#8217;aficions, com recomanacions de llibres, pel\u00b7l\u00edcules o m\u00fasica.<\/li><\/ul>","protected":false},"excerpt":{"rendered":"<p>\u00bfQu\u00e8 \u00e9s un llegat emocional? Un llegat emocional \u00e9s un recull que fa la persona, de sentiments i desitjos expressats a trav\u00e9s de les paraules per dir el que sent o per acomiadar-se de qui estima. Aquest llegat, el rebran les persones que tri\u00ef en les condicions que indiqui, quan la persona hagi mort. Tamb\u00e9 [&hellip;]<\/p>\n","protected":false},"author":4,"featured_media":1752,"comment_status":"open","ping_status":"open","sticky":true,"template":"","format":"standard","meta":{"_mo_disable_npp":"","_genesis_hide_title":false,"_genesis_hide_breadcrumbs":false,"_genesis_hide_singular_image":false,"_genesis_hide_footer_widgets":false,"_genesis_custom_body_class":"","_genesis_custom_post_class":"","_genesis_layout":"","footnotes":""},"categories":[51],"tags":[64,67,68,69,70,71,72,73,74,75,76,77,78,79,80,81,82,83,84,85,86,87,88,89],"class_list":{"0":"post-1751","1":"post","2":"type-post","3":"status-publish","4":"format-standard","5":"has-post-thumbnail","7":"category-sense-categoria","8":"tag-biohomenatge-ca","9":"tag-ceremonia-ca","10":"tag-comiat-ca","11":"tag-comiat-alternatiu-ca","12":"tag-defuncion-ca","13":"tag-dol-ca","14":"tag-duelo-ca","15":"tag-fotohomenatge-ca","16":"tag-funeral-ca","17":"tag-funeral-alternatiu-ca","18":"tag-funeral-autentic-ca","19":"tag-funeral-planner-ca","20":"tag-homenatge-ca","21":"tag-homenatge-alernatiu-ca","22":"tag-idees-comiat-homenatge-ca","23":"tag-imma-tapies-2-ca","24":"tag-llegat-ca","25":"tag-llegat-emocional-ca","26":"tag-llegatculinari-ca","27":"tag-mort-ca","28":"tag-muerte-ca","29":"tag-musichomenatge-ca","30":"tag-reconeixement-ca","31":"tag-vida-viscuda-ca","32":"entry"},"yoast_head":"<!-- This site is optimized with the Yoast SEO plugin v17.4 - https:\/\/yoast.com\/wordpress\/plugins\/seo\/ -->\n<title>Llegat emocional - Imma Tapies<\/title>\n<meta name=\"robots\" content=\"index, follow, max-snippet:-1, max-image-preview:large, max-video-preview:-1\" \/>\n<link rel=\"canonical\" href=\"https:\/\/immatapies.com\/ca\/llegat-emocional\/\" \/>\n<meta property=\"og:locale\" content=\"ca_ES\" \/>\n<meta property=\"og:type\" content=\"article\" \/>\n<meta property=\"og:title\" content=\"Llegat emocional - Imma Tapies\" \/>\n<meta property=\"og:description\" content=\"\u00bfQu\u00e8 \u00e9s un llegat emocional? Un llegat emocional \u00e9s un recull que fa la persona, de sentiments i desitjos expressats a trav\u00e9s de les paraules per dir el que sent o per acomiadar-se de qui estima. Aquest llegat, el rebran les persones que tri\u00ef en les condicions que indiqui, quan la persona hagi mort. Tamb\u00e9 [&hellip;]\" \/>\n<meta property=\"og:url\" content=\"https:\/\/immatapies.com\/ca\/llegat-emocional\/\" \/>\n<meta property=\"og:site_name\" content=\"Imma Tapies\" \/>\n<meta property=\"article:publisher\" content=\"https:\/\/www.facebook.com\/Imma-T%c3%a0pies-Coach-107815320917707\/\" \/>\n<meta property=\"article:published_time\" content=\"2020-05-16T15:44:13+00:00\" \/>\n<meta property=\"article:modified_time\" content=\"2021-01-19T14:01:34+00:00\" \/>\n<meta property=\"og:image\" content=\"https:\/\/immatapies.com\/wp-content\/uploads\/2020\/05\/erik-brolin-sp7ir7Xrs9U-unsplash-scaled.jpg\" \/>\n\t<meta property=\"og:image:width\" content=\"2560\" \/>\n\t<meta property=\"og:image:height\" content=\"1440\" \/>\n<meta name=\"twitter:card\" content=\"summary_large_image\" \/>\n<meta name=\"twitter:label1\" content=\"Escrit per\" \/>\n\t<meta name=\"twitter:data1\" content=\"Imma\" \/>\n\t<meta name=\"twitter:label2\" content=\"Temps estimat de lectura\" \/>\n\t<meta name=\"twitter:data2\" content=\"3 minuts\" \/>\n<script type=\"application\/ld+json\" class=\"yoast-schema-graph\">{\"@context\":\"https:\/\/schema.org\",\"@graph\":[{\"@type\":\"WebSite\",\"@id\":\"https:\/\/immatapies.com\/#website\",\"url\":\"https:\/\/immatapies.com\/\",\"name\":\"Imma Tapies\",\"description\":\"Creadora de la carpeta M\\u00c1SDEM\\u00cd, legado emocional\",\"potentialAction\":[{\"@type\":\"SearchAction\",\"target\":{\"@type\":\"EntryPoint\",\"urlTemplate\":\"https:\/\/immatapies.com\/?s={search_term_string}\"},\"query-input\":\"required name=search_term_string\"}],\"inLanguage\":\"ca\"},{\"@type\":\"ImageObject\",\"@id\":\"https:\/\/immatapies.com\/ca\/llegat-emocional\/#primaryimage\",\"inLanguage\":\"ca\",\"url\":\"https:\/\/immatapies.com\/wp-content\/uploads\/2020\/05\/erik-brolin-sp7ir7Xrs9U-unsplash-scaled.jpg\",\"contentUrl\":\"https:\/\/immatapies.com\/wp-content\/uploads\/2020\/05\/erik-brolin-sp7ir7Xrs9U-unsplash-scaled.jpg\",\"width\":2560,\"height\":1440},{\"@type\":\"WebPage\",\"@id\":\"https:\/\/immatapies.com\/ca\/llegat-emocional\/#webpage\",\"url\":\"https:\/\/immatapies.com\/ca\/llegat-emocional\/\",\"name\":\"Llegat emocional - Imma Tapies\",\"isPartOf\":{\"@id\":\"https:\/\/immatapies.com\/#website\"},\"primaryImageOfPage\":{\"@id\":\"https:\/\/immatapies.com\/ca\/llegat-emocional\/#primaryimage\"},\"datePublished\":\"2020-05-16T15:44:13+00:00\",\"dateModified\":\"2021-01-19T14:01:34+00:00\",\"author\":{\"@id\":\"https:\/\/immatapies.com\/#\/schema\/person\/e0bc5e71d0a399049e3518c533b71db7\"},\"breadcrumb\":{\"@id\":\"https:\/\/immatapies.com\/ca\/llegat-emocional\/#breadcrumb\"},\"inLanguage\":\"ca\",\"potentialAction\":[{\"@type\":\"ReadAction\",\"target\":[\"https:\/\/immatapies.com\/ca\/llegat-emocional\/\"]}]},{\"@type\":\"BreadcrumbList\",\"@id\":\"https:\/\/immatapies.com\/ca\/llegat-emocional\/#breadcrumb\",\"itemListElement\":[{\"@type\":\"ListItem\",\"position\":1,\"name\":\"Portada\",\"item\":\"https:\/\/immatapies.com\/\"},{\"@type\":\"ListItem\",\"position\":2,\"name\":\"Llegat emocional\"}]},{\"@type\":\"Person\",\"@id\":\"https:\/\/immatapies.com\/#\/schema\/person\/e0bc5e71d0a399049e3518c533b71db7\",\"name\":\"Imma\",\"image\":{\"@type\":\"ImageObject\",\"@id\":\"https:\/\/immatapies.com\/#personlogo\",\"inLanguage\":\"ca\",\"url\":\"https:\/\/secure.gravatar.com\/avatar\/6295618efb727a05db540b853f73a8660158786c4b175be6b518f03f8cd02735?s=96&d=mm&r=g\",\"contentUrl\":\"https:\/\/secure.gravatar.com\/avatar\/6295618efb727a05db540b853f73a8660158786c4b175be6b518f03f8cd02735?s=96&d=mm&r=g\",\"caption\":\"Imma\"},\"url\":\"https:\/\/immatapies.com\/ca\/author\/imma\/\"}]}<\/script>\n<!-- \/ Yoast SEO plugin. -->","yoast_head_json":{"title":"Llegat emocional - Imma Tapies","robots":{"index":"index","follow":"follow","max-snippet":"max-snippet:-1","max-image-preview":"max-image-preview:large","max-video-preview":"max-video-preview:-1"},"canonical":"https:\/\/immatapies.com\/ca\/llegat-emocional\/","og_locale":"ca_ES","og_type":"article","og_title":"Llegat emocional - Imma Tapies","og_description":"\u00bfQu\u00e8 \u00e9s un llegat emocional? Un llegat emocional \u00e9s un recull que fa la persona, de sentiments i desitjos expressats a trav\u00e9s de les paraules per dir el que sent o per acomiadar-se de qui estima. Aquest llegat, el rebran les persones que tri\u00ef en les condicions que indiqui, quan la persona hagi mort. Tamb\u00e9 [&hellip;]","og_url":"https:\/\/immatapies.com\/ca\/llegat-emocional\/","og_site_name":"Imma Tapies","article_publisher":"https:\/\/www.facebook.com\/Imma-T%c3%a0pies-Coach-107815320917707\/","article_published_time":"2020-05-16T15:44:13+00:00","article_modified_time":"2021-01-19T14:01:34+00:00","og_image":[{"width":2560,"height":1440,"url":"https:\/\/immatapies.com\/wp-content\/uploads\/2020\/05\/erik-brolin-sp7ir7Xrs9U-unsplash-scaled.jpg","type":"image\/jpeg"}],"twitter_card":"summary_large_image","twitter_misc":{"Escrit per":"Imma","Temps estimat de lectura":"3 minuts"},"schema":{"@context":"https:\/\/schema.org","@graph":[{"@type":"WebSite","@id":"https:\/\/immatapies.com\/#website","url":"https:\/\/immatapies.com\/","name":"Imma Tapies","description":"Creadora de la carpeta M\u00c1SDEM\u00cd, legado emocional","potentialAction":[{"@type":"SearchAction","target":{"@type":"EntryPoint","urlTemplate":"https:\/\/immatapies.com\/?s={search_term_string}"},"query-input":"required name=search_term_string"}],"inLanguage":"ca"},{"@type":"ImageObject","@id":"https:\/\/immatapies.com\/ca\/llegat-emocional\/#primaryimage","inLanguage":"ca","url":"https:\/\/immatapies.com\/wp-content\/uploads\/2020\/05\/erik-brolin-sp7ir7Xrs9U-unsplash-scaled.jpg","contentUrl":"https:\/\/immatapies.com\/wp-content\/uploads\/2020\/05\/erik-brolin-sp7ir7Xrs9U-unsplash-scaled.jpg","width":2560,"height":1440},{"@type":"WebPage","@id":"https:\/\/immatapies.com\/ca\/llegat-emocional\/#webpage","url":"https:\/\/immatapies.com\/ca\/llegat-emocional\/","name":"Llegat emocional - Imma Tapies","isPartOf":{"@id":"https:\/\/immatapies.com\/#website"},"primaryImageOfPage":{"@id":"https:\/\/immatapies.com\/ca\/llegat-emocional\/#primaryimage"},"datePublished":"2020-05-16T15:44:13+00:00","dateModified":"2021-01-19T14:01:34+00:00","author":{"@id":"https:\/\/immatapies.com\/#\/schema\/person\/e0bc5e71d0a399049e3518c533b71db7"},"breadcrumb":{"@id":"https:\/\/immatapies.com\/ca\/llegat-emocional\/#breadcrumb"},"inLanguage":"ca","potentialAction":[{"@type":"ReadAction","target":["https:\/\/immatapies.com\/ca\/llegat-emocional\/"]}]},{"@type":"BreadcrumbList","@id":"https:\/\/immatapies.com\/ca\/llegat-emocional\/#breadcrumb","itemListElement":[{"@type":"ListItem","position":1,"name":"Portada","item":"https:\/\/immatapies.com\/"},{"@type":"ListItem","position":2,"name":"Llegat emocional"}]},{"@type":"Person","@id":"https:\/\/immatapies.com\/#\/schema\/person\/e0bc5e71d0a399049e3518c533b71db7","name":"Imma","image":{"@type":"ImageObject","@id":"https:\/\/immatapies.com\/#personlogo","inLanguage":"ca","url":"https:\/\/secure.gravatar.com\/avatar\/6295618efb727a05db540b853f73a8660158786c4b175be6b518f03f8cd02735?s=96&d=mm&r=g","contentUrl":"https:\/\/secure.gravatar.com\/avatar\/6295618efb727a05db540b853f73a8660158786c4b175be6b518f03f8cd02735?s=96&d=mm&r=g","caption":"Imma"},"url":"https:\/\/immatapies.com\/ca\/author\/imma\/"}]}},"_links":{"self":[{"href":"https:\/\/immatapies.com\/ca\/wp-json\/wp\/v2\/posts\/1751","targetHints":{"allow":["GET"]}}],"collection":[{"href":"https:\/\/immatapies.com\/ca\/wp-json\/wp\/v2\/posts"}],"about":[{"href":"https:\/\/immatapies.com\/ca\/wp-json\/wp\/v2\/types\/post"}],"author":[{"embeddable":true,"href":"https:\/\/immatapies.com\/ca\/wp-json\/wp\/v2\/users\/4"}],"replies":[{"embeddable":true,"href":"https:\/\/immatapies.com\/ca\/wp-json\/wp\/v2\/comments?post=1751"}],"version-history":[{"count":7,"href":"https:\/\/immatapies.com\/ca\/wp-json\/wp\/v2\/posts\/1751\/revisions"}],"predecessor-version":[{"id":2512,"href":"https:\/\/immatapies.com\/ca\/wp-json\/wp\/v2\/posts\/1751\/revisions\/2512"}],"wp:featuredmedia":[{"embeddable":true,"href":"https:\/\/immatapies.com\/ca\/wp-json\/wp\/v2\/media\/1752"}],"wp:attachment":[{"href":"https:\/\/immatapies.com\/ca\/wp-json\/wp\/v2\/media?parent=1751"}],"wp:term":[{"taxonomy":"category","embeddable":true,"href":"https:\/\/immatapies.com\/ca\/wp-json\/wp\/v2\/categories?post=1751"},{"taxonomy":"post_tag","embeddable":true,"href":"https:\/\/immatapies.com\/ca\/wp-json\/wp\/v2\/tags?post=1751"}],"curies":[{"name":"wp","href":"https:\/\/api.w.org\/{rel}","templated":true}]}}