{"id":1749,"date":"2020-05-17T18:55:40","date_gmt":"2020-05-17T18:55:40","guid":{"rendered":"https:\/\/immatapies.com\/amiga\/"},"modified":"2021-01-19T13:42:48","modified_gmt":"2021-01-19T13:42:48","slug":"amiga","status":"publish","type":"post","link":"https:\/\/immatapies.com\/ca\/amiga\/","title":{"rendered":"Amiga"},"content":{"rendered":"\n<p>Fa 13 anys, a una de les meves millors amigues li van diagnosticar una malaltia greu a conseq\u00fc\u00e8ncia de la qual,  en molt poc temps va morir.<\/p>\n\n<p>Ella era una persona presumida, divertida, molt activa, detallista i amb molt car\u00e0cter. Tot just feia 10 mesos que havia tingut una filla, aix\u00ed que el dia que lla va morir, es va perdre una mare, una parella, una filla, una amiga, una tieta, una companya de feina&#8230; Una persona important per a moltes persones.<\/p>\n\n<p>Si en algun moment jo hagu\u00e9s estat conscient que podia morir, m&#8217;haguera agradat oferir-li crear alguna cosa especial i bonica per a la seva filla, parella i fam\u00edlia. Que estic segura els hagu\u00e9s acompanyat en molts moments de les seves vides.<\/p>\n\n<p>L&#8217;hauria animat a gravar una can\u00e7\u00f3 de bressol per a la seva filla, un v\u00eddeo explicant-li com rentar-se les dents o perqu\u00e8 \u00e9s tan important menjar verdura. I perqu\u00e8 no una nota de veu aplaudint el seu primer dia de bicicleta i unes paraules per al seu primer dia d&#8217;institut o parlant del primer amor. I coneixent-la a ella, estic segura que hagu\u00e9s trobat les paraules per abra\u00e7ar al seu marit i fam\u00edlia en els moments de buit i tristesa.  <\/p>\n\n<p>M&#8217;hauria agradat dir unes paraules en el seu funeral, per\u00f2 no vaig saber fer-ho. Aquest moment ja va passar i moltes coses que li hagu\u00e9s dit ja van quedar all\u00e0, per\u00f2 m&#8217;agradaria que no li pass\u00e9s a ning\u00fa m\u00e9s, que tothom fos conscient que la mort ens sorpr\u00e8n i que \u00e9s dif\u00edcil d&#8217;acceptar, per\u00f2 que vivint conscients aquest fet, tenim l&#8217;oportunitat de fer coses boniques perqu\u00e8 hem tingut vides boniques.<\/p>\n\n<p>He tingut l&#8217;oportunitat de viure al costat de la seva filla i marit i compartir moments amb ells i em sento afortunada per aix\u00f2.<\/p>\n\n<p>El meu projecte \u00e9s l&#8217;abra\u00e7ada que o et vaig poder fer aquell dia. ese d\u00eda.<\/p>\n","protected":false},"excerpt":{"rendered":"<p>Fa 13 anys, a una de les meves millors amigues li van diagnosticar una malaltia greu a conseq\u00fc\u00e8ncia de la qual, en molt poc temps va morir. Ella era una persona presumida, divertida, molt activa, detallista i amb molt car\u00e0cter. Tot just feia 10 mesos que havia tingut una filla, aix\u00ed que el dia que [&hellip;]<\/p>\n","protected":false},"author":4,"featured_media":1750,"comment_status":"open","ping_status":"open","sticky":false,"template":"","format":"standard","meta":{"_mo_disable_npp":"","_genesis_hide_title":false,"_genesis_hide_breadcrumbs":false,"_genesis_hide_singular_image":false,"_genesis_hide_footer_widgets":false,"_genesis_custom_body_class":"","_genesis_custom_post_class":"","_genesis_layout":"","footnotes":""},"categories":[51],"tags":[90,64,67,68,69,70,71,72,73,74,75,76,77,78,79,80,81,82,83,84,85,86,87,88,89],"class_list":{"0":"post-1749","1":"post","2":"type-post","3":"status-publish","4":"format-standard","5":"has-post-thumbnail","7":"category-sense-categoria","8":"tag-amiga-ca","9":"tag-biohomenatge-ca","10":"tag-ceremonia-ca","11":"tag-comiat-ca","12":"tag-comiat-alternatiu-ca","13":"tag-defuncion-ca","14":"tag-dol-ca","15":"tag-duelo-ca","16":"tag-fotohomenatge-ca","17":"tag-funeral-ca","18":"tag-funeral-alternatiu-ca","19":"tag-funeral-autentic-ca","20":"tag-funeral-planner-ca","21":"tag-homenatge-ca","22":"tag-homenatge-alernatiu-ca","23":"tag-idees-comiat-homenatge-ca","24":"tag-imma-tapies-2-ca","25":"tag-llegat-ca","26":"tag-llegat-emocional-ca","27":"tag-llegatculinari-ca","28":"tag-mort-ca","29":"tag-muerte-ca","30":"tag-musichomenatge-ca","31":"tag-reconeixement-ca","32":"tag-vida-viscuda-ca","33":"entry"},"yoast_head":"<!-- This site is optimized with the Yoast SEO plugin v17.4 - https:\/\/yoast.com\/wordpress\/plugins\/seo\/ -->\n<title>Amiga - Imma Tapies<\/title>\n<meta name=\"robots\" content=\"index, follow, max-snippet:-1, max-image-preview:large, max-video-preview:-1\" \/>\n<link rel=\"canonical\" href=\"https:\/\/immatapies.com\/ca\/amiga\/\" \/>\n<meta property=\"og:locale\" content=\"ca_ES\" \/>\n<meta property=\"og:type\" content=\"article\" \/>\n<meta property=\"og:title\" content=\"Amiga - Imma Tapies\" \/>\n<meta property=\"og:description\" content=\"Fa 13 anys, a una de les meves millors amigues li van diagnosticar una malaltia greu a conseq\u00fc\u00e8ncia de la qual, en molt poc temps va morir. Ella era una persona presumida, divertida, molt activa, detallista i amb molt car\u00e0cter. Tot just feia 10 mesos que havia tingut una filla, aix\u00ed que el dia que [&hellip;]\" \/>\n<meta property=\"og:url\" content=\"https:\/\/immatapies.com\/ca\/amiga\/\" \/>\n<meta property=\"og:site_name\" content=\"Imma Tapies\" \/>\n<meta property=\"article:publisher\" content=\"https:\/\/www.facebook.com\/Imma-T%c3%a0pies-Coach-107815320917707\/\" \/>\n<meta property=\"article:published_time\" content=\"2020-05-17T18:55:40+00:00\" \/>\n<meta property=\"article:modified_time\" content=\"2021-01-19T13:42:48+00:00\" \/>\n<meta property=\"og:image\" content=\"https:\/\/immatapies.com\/wp-content\/uploads\/2020\/05\/1.jpg\" \/>\n\t<meta property=\"og:image:width\" content=\"1635\" \/>\n\t<meta property=\"og:image:height\" content=\"1052\" \/>\n<meta name=\"twitter:card\" content=\"summary_large_image\" \/>\n<meta name=\"twitter:label1\" content=\"Escrit per\" \/>\n\t<meta name=\"twitter:data1\" content=\"Imma\" \/>\n\t<meta name=\"twitter:label2\" content=\"Temps estimat de lectura\" \/>\n\t<meta name=\"twitter:data2\" content=\"2 minuts\" \/>\n<script type=\"application\/ld+json\" class=\"yoast-schema-graph\">{\"@context\":\"https:\/\/schema.org\",\"@graph\":[{\"@type\":\"WebSite\",\"@id\":\"https:\/\/immatapies.com\/#website\",\"url\":\"https:\/\/immatapies.com\/\",\"name\":\"Imma Tapies\",\"description\":\"Creadora de la carpeta M\\u00c1SDEM\\u00cd, legado emocional\",\"potentialAction\":[{\"@type\":\"SearchAction\",\"target\":{\"@type\":\"EntryPoint\",\"urlTemplate\":\"https:\/\/immatapies.com\/?s={search_term_string}\"},\"query-input\":\"required name=search_term_string\"}],\"inLanguage\":\"ca\"},{\"@type\":\"ImageObject\",\"@id\":\"https:\/\/immatapies.com\/ca\/amiga\/#primaryimage\",\"inLanguage\":\"ca\",\"url\":\"https:\/\/immatapies.com\/wp-content\/uploads\/2020\/05\/1.jpg\",\"contentUrl\":\"https:\/\/immatapies.com\/wp-content\/uploads\/2020\/05\/1.jpg\",\"width\":1635,\"height\":1052},{\"@type\":\"WebPage\",\"@id\":\"https:\/\/immatapies.com\/ca\/amiga\/#webpage\",\"url\":\"https:\/\/immatapies.com\/ca\/amiga\/\",\"name\":\"Amiga - Imma Tapies\",\"isPartOf\":{\"@id\":\"https:\/\/immatapies.com\/#website\"},\"primaryImageOfPage\":{\"@id\":\"https:\/\/immatapies.com\/ca\/amiga\/#primaryimage\"},\"datePublished\":\"2020-05-17T18:55:40+00:00\",\"dateModified\":\"2021-01-19T13:42:48+00:00\",\"author\":{\"@id\":\"https:\/\/immatapies.com\/#\/schema\/person\/e0bc5e71d0a399049e3518c533b71db7\"},\"breadcrumb\":{\"@id\":\"https:\/\/immatapies.com\/ca\/amiga\/#breadcrumb\"},\"inLanguage\":\"ca\",\"potentialAction\":[{\"@type\":\"ReadAction\",\"target\":[\"https:\/\/immatapies.com\/ca\/amiga\/\"]}]},{\"@type\":\"BreadcrumbList\",\"@id\":\"https:\/\/immatapies.com\/ca\/amiga\/#breadcrumb\",\"itemListElement\":[{\"@type\":\"ListItem\",\"position\":1,\"name\":\"Portada\",\"item\":\"https:\/\/immatapies.com\/\"},{\"@type\":\"ListItem\",\"position\":2,\"name\":\"Amiga\"}]},{\"@type\":\"Person\",\"@id\":\"https:\/\/immatapies.com\/#\/schema\/person\/e0bc5e71d0a399049e3518c533b71db7\",\"name\":\"Imma\",\"image\":{\"@type\":\"ImageObject\",\"@id\":\"https:\/\/immatapies.com\/#personlogo\",\"inLanguage\":\"ca\",\"url\":\"https:\/\/secure.gravatar.com\/avatar\/6295618efb727a05db540b853f73a8660158786c4b175be6b518f03f8cd02735?s=96&d=mm&r=g\",\"contentUrl\":\"https:\/\/secure.gravatar.com\/avatar\/6295618efb727a05db540b853f73a8660158786c4b175be6b518f03f8cd02735?s=96&d=mm&r=g\",\"caption\":\"Imma\"},\"url\":\"https:\/\/immatapies.com\/ca\/author\/imma\/\"}]}<\/script>\n<!-- \/ Yoast SEO plugin. -->","yoast_head_json":{"title":"Amiga - Imma Tapies","robots":{"index":"index","follow":"follow","max-snippet":"max-snippet:-1","max-image-preview":"max-image-preview:large","max-video-preview":"max-video-preview:-1"},"canonical":"https:\/\/immatapies.com\/ca\/amiga\/","og_locale":"ca_ES","og_type":"article","og_title":"Amiga - Imma Tapies","og_description":"Fa 13 anys, a una de les meves millors amigues li van diagnosticar una malaltia greu a conseq\u00fc\u00e8ncia de la qual, en molt poc temps va morir. Ella era una persona presumida, divertida, molt activa, detallista i amb molt car\u00e0cter. Tot just feia 10 mesos que havia tingut una filla, aix\u00ed que el dia que [&hellip;]","og_url":"https:\/\/immatapies.com\/ca\/amiga\/","og_site_name":"Imma Tapies","article_publisher":"https:\/\/www.facebook.com\/Imma-T%c3%a0pies-Coach-107815320917707\/","article_published_time":"2020-05-17T18:55:40+00:00","article_modified_time":"2021-01-19T13:42:48+00:00","og_image":[{"width":1635,"height":1052,"url":"https:\/\/immatapies.com\/wp-content\/uploads\/2020\/05\/1.jpg","type":"image\/jpeg"}],"twitter_card":"summary_large_image","twitter_misc":{"Escrit per":"Imma","Temps estimat de lectura":"2 minuts"},"schema":{"@context":"https:\/\/schema.org","@graph":[{"@type":"WebSite","@id":"https:\/\/immatapies.com\/#website","url":"https:\/\/immatapies.com\/","name":"Imma Tapies","description":"Creadora de la carpeta M\u00c1SDEM\u00cd, legado emocional","potentialAction":[{"@type":"SearchAction","target":{"@type":"EntryPoint","urlTemplate":"https:\/\/immatapies.com\/?s={search_term_string}"},"query-input":"required name=search_term_string"}],"inLanguage":"ca"},{"@type":"ImageObject","@id":"https:\/\/immatapies.com\/ca\/amiga\/#primaryimage","inLanguage":"ca","url":"https:\/\/immatapies.com\/wp-content\/uploads\/2020\/05\/1.jpg","contentUrl":"https:\/\/immatapies.com\/wp-content\/uploads\/2020\/05\/1.jpg","width":1635,"height":1052},{"@type":"WebPage","@id":"https:\/\/immatapies.com\/ca\/amiga\/#webpage","url":"https:\/\/immatapies.com\/ca\/amiga\/","name":"Amiga - Imma Tapies","isPartOf":{"@id":"https:\/\/immatapies.com\/#website"},"primaryImageOfPage":{"@id":"https:\/\/immatapies.com\/ca\/amiga\/#primaryimage"},"datePublished":"2020-05-17T18:55:40+00:00","dateModified":"2021-01-19T13:42:48+00:00","author":{"@id":"https:\/\/immatapies.com\/#\/schema\/person\/e0bc5e71d0a399049e3518c533b71db7"},"breadcrumb":{"@id":"https:\/\/immatapies.com\/ca\/amiga\/#breadcrumb"},"inLanguage":"ca","potentialAction":[{"@type":"ReadAction","target":["https:\/\/immatapies.com\/ca\/amiga\/"]}]},{"@type":"BreadcrumbList","@id":"https:\/\/immatapies.com\/ca\/amiga\/#breadcrumb","itemListElement":[{"@type":"ListItem","position":1,"name":"Portada","item":"https:\/\/immatapies.com\/"},{"@type":"ListItem","position":2,"name":"Amiga"}]},{"@type":"Person","@id":"https:\/\/immatapies.com\/#\/schema\/person\/e0bc5e71d0a399049e3518c533b71db7","name":"Imma","image":{"@type":"ImageObject","@id":"https:\/\/immatapies.com\/#personlogo","inLanguage":"ca","url":"https:\/\/secure.gravatar.com\/avatar\/6295618efb727a05db540b853f73a8660158786c4b175be6b518f03f8cd02735?s=96&d=mm&r=g","contentUrl":"https:\/\/secure.gravatar.com\/avatar\/6295618efb727a05db540b853f73a8660158786c4b175be6b518f03f8cd02735?s=96&d=mm&r=g","caption":"Imma"},"url":"https:\/\/immatapies.com\/ca\/author\/imma\/"}]}},"_links":{"self":[{"href":"https:\/\/immatapies.com\/ca\/wp-json\/wp\/v2\/posts\/1749","targetHints":{"allow":["GET"]}}],"collection":[{"href":"https:\/\/immatapies.com\/ca\/wp-json\/wp\/v2\/posts"}],"about":[{"href":"https:\/\/immatapies.com\/ca\/wp-json\/wp\/v2\/types\/post"}],"author":[{"embeddable":true,"href":"https:\/\/immatapies.com\/ca\/wp-json\/wp\/v2\/users\/4"}],"replies":[{"embeddable":true,"href":"https:\/\/immatapies.com\/ca\/wp-json\/wp\/v2\/comments?post=1749"}],"version-history":[{"count":4,"href":"https:\/\/immatapies.com\/ca\/wp-json\/wp\/v2\/posts\/1749\/revisions"}],"predecessor-version":[{"id":2510,"href":"https:\/\/immatapies.com\/ca\/wp-json\/wp\/v2\/posts\/1749\/revisions\/2510"}],"wp:featuredmedia":[{"embeddable":true,"href":"https:\/\/immatapies.com\/ca\/wp-json\/wp\/v2\/media\/1750"}],"wp:attachment":[{"href":"https:\/\/immatapies.com\/ca\/wp-json\/wp\/v2\/media?parent=1749"}],"wp:term":[{"taxonomy":"category","embeddable":true,"href":"https:\/\/immatapies.com\/ca\/wp-json\/wp\/v2\/categories?post=1749"},{"taxonomy":"post_tag","embeddable":true,"href":"https:\/\/immatapies.com\/ca\/wp-json\/wp\/v2\/tags?post=1749"}],"curies":[{"name":"wp","href":"https:\/\/api.w.org\/{rel}","templated":true}]}}