{"id":1744,"date":"2020-05-21T10:56:31","date_gmt":"2020-05-21T10:56:31","guid":{"rendered":"https:\/\/immatapies.com\/el-meu-projecte\/"},"modified":"2021-01-19T12:55:11","modified_gmt":"2021-01-19T12:55:11","slug":"el-meu-projecte","status":"publish","type":"post","link":"https:\/\/immatapies.com\/ca\/el-meu-projecte\/","title":{"rendered":"El meu projecte"},"content":{"rendered":"\n<p>Aquesta s\u00f3c jo ahir dia 20 de maig de 2020, entre nerviosa i emocionada just abans de l&#8217;entrevista de r\u00e0dio a RAC1 al programa &#8220;Tot \u00e9s possible&#8221; <\/p>\n\n<p>Vaig tenir l&#8217;oportunitat d&#8217;explicar part del meu projecte a trav\u00e9s d&#8217;un gran altaveu i em sento afortunada. Un dels meus objectius \u00e9s comen\u00e7ar a sembrar la llavor de la reflexi\u00f3 sobre com vivim la mort i contribuir des de la naturalitat i la proximitat a aquest canvi de paradigma al qual ens estem dirigint<\/p>\n\n<p>Ja no fem les coses com fa 20 anys, som una societat cada cop m\u00e9s creativa i que ens sentim cada cop m\u00e9s c\u00f2modes respectant la nostra naturalitat i autenticitat.<\/p>\n\n<p>Avui s\u00e9 amb certesa que som molt\u00edssima gent que t\u00e9 ganes de fer les coses d&#8217;una forma diferent allunyant-nos de tradicions que ja no ens representen. Ahir aix\u00ed m&#8217;ho v\u00e0reu fer arribar.<\/p>\n\n<p>Gr\u00e0cies per compartir-ho amb mi, em sento afortunada.<\/p>\n\n<p>Aquests dies, us anir\u00e9 explicant m\u00e9s detalladament el meu projecte en aquest blog.<\/p>\n\n<p>Us deixo l&#8217;enlla\u00e7 a la not\u00edcia i al final trobareu l&#8217;audio de l&#8217;entrevista.<\/p>\n\n<p>Una abra\u00e7ada<\/p>\n\n<p>Imma<\/p>\n\n<p><a href=\"https:\/\/www.rac1.cat\/programes\/tot-es-possible\/20200520\/481301234427\/homenatge-morts-coronavirus-comiat-idees-imma-tapies-funerals-biohomenatge.html?utm_source=twitter&amp;utm_medium=social&amp;utm_content=rac1_programes\">https:\/\/www.rac1.cat\/programes\/tot-es-possible\/20200520\/481301234427\/homenatge-morts-coronavirus-comiat-idees-imma-tapies-funerals-biohomenatge.html?utm_source=twitter&amp;utm_medium=social&amp;utm_content=rac1_programes<\/a> <a href=\"https:\/\/www.rac1.cat\/a-la-carta\/detail\/daaca4c0-919f-4ea1-a62a-7c9b31a4956d?program=tot-es-possible&amp;section=HOUR&amp;fbclid=IwAR2R4JP7vTH5GqtvbFZN3myzuJM-4fh6njLXIhkdoIw2TCvj1_Q_R5NNaC8\">ht<\/a><\/p>\n","protected":false},"excerpt":{"rendered":"<p>Aquesta s\u00f3c jo ahir dia 20 de maig de 2020, entre nerviosa i emocionada just abans de l&#8217;entrevista de r\u00e0dio a RAC1 al programa &#8220;Tot \u00e9s possible&#8221; Vaig tenir l&#8217;oportunitat d&#8217;explicar part del meu projecte a trav\u00e9s d&#8217;un gran altaveu i em sento afortunada. Un dels meus objectius \u00e9s comen\u00e7ar a sembrar la llavor de [&hellip;]<\/p>\n","protected":false},"author":4,"featured_media":1745,"comment_status":"open","ping_status":"open","sticky":false,"template":"","format":"standard","meta":{"_mo_disable_npp":"","_genesis_hide_title":false,"_genesis_hide_breadcrumbs":false,"_genesis_hide_singular_image":false,"_genesis_hide_footer_widgets":false,"_genesis_custom_body_class":"","_genesis_custom_post_class":"","_genesis_layout":"","footnotes":""},"categories":[63],"tags":[],"class_list":{"0":"post-1744","1":"post","2":"type-post","3":"status-publish","4":"format-standard","5":"has-post-thumbnail","7":"category-sobre-mi-ca","8":"entry"},"yoast_head":"<!-- This site is optimized with the Yoast SEO plugin v17.4 - https:\/\/yoast.com\/wordpress\/plugins\/seo\/ -->\n<title>El meu projecte - Imma Tapies<\/title>\n<meta name=\"robots\" content=\"index, follow, max-snippet:-1, max-image-preview:large, max-video-preview:-1\" \/>\n<link rel=\"canonical\" href=\"https:\/\/immatapies.com\/ca\/el-meu-projecte\/\" \/>\n<meta property=\"og:locale\" content=\"ca_ES\" \/>\n<meta property=\"og:type\" content=\"article\" \/>\n<meta property=\"og:title\" content=\"El meu projecte - Imma Tapies\" \/>\n<meta property=\"og:description\" content=\"Aquesta s\u00f3c jo ahir dia 20 de maig de 2020, entre nerviosa i emocionada just abans de l&#8217;entrevista de r\u00e0dio a RAC1 al programa &#8220;Tot \u00e9s possible&#8221; Vaig tenir l&#8217;oportunitat d&#8217;explicar part del meu projecte a trav\u00e9s d&#8217;un gran altaveu i em sento afortunada. Un dels meus objectius \u00e9s comen\u00e7ar a sembrar la llavor de [&hellip;]\" \/>\n<meta property=\"og:url\" content=\"https:\/\/immatapies.com\/ca\/el-meu-projecte\/\" \/>\n<meta property=\"og:site_name\" content=\"Imma Tapies\" \/>\n<meta property=\"article:publisher\" content=\"https:\/\/www.facebook.com\/Imma-T%c3%a0pies-Coach-107815320917707\/\" \/>\n<meta property=\"article:published_time\" content=\"2020-05-21T10:56:31+00:00\" \/>\n<meta property=\"article:modified_time\" content=\"2021-01-19T12:55:11+00:00\" \/>\n<meta property=\"og:image\" content=\"https:\/\/immatapies.com\/wp-content\/uploads\/2020\/05\/WhatsApp-Image-2020-05-21-at-11.19.18.jpeg\" \/>\n\t<meta property=\"og:image:width\" content=\"2048\" \/>\n\t<meta property=\"og:image:height\" content=\"944\" \/>\n<meta name=\"twitter:card\" content=\"summary_large_image\" \/>\n<meta name=\"twitter:label1\" content=\"Escrit per\" \/>\n\t<meta name=\"twitter:data1\" content=\"Imma\" \/>\n\t<meta name=\"twitter:label2\" content=\"Temps estimat de lectura\" \/>\n\t<meta name=\"twitter:data2\" content=\"1 minut\" \/>\n<script type=\"application\/ld+json\" class=\"yoast-schema-graph\">{\"@context\":\"https:\/\/schema.org\",\"@graph\":[{\"@type\":\"WebSite\",\"@id\":\"https:\/\/immatapies.com\/#website\",\"url\":\"https:\/\/immatapies.com\/\",\"name\":\"Imma Tapies\",\"description\":\"Creadora de la carpeta M\\u00c1SDEM\\u00cd, legado emocional\",\"potentialAction\":[{\"@type\":\"SearchAction\",\"target\":{\"@type\":\"EntryPoint\",\"urlTemplate\":\"https:\/\/immatapies.com\/?s={search_term_string}\"},\"query-input\":\"required name=search_term_string\"}],\"inLanguage\":\"ca\"},{\"@type\":\"ImageObject\",\"@id\":\"https:\/\/immatapies.com\/ca\/el-meu-projecte\/#primaryimage\",\"inLanguage\":\"ca\",\"url\":\"https:\/\/immatapies.com\/wp-content\/uploads\/2020\/05\/WhatsApp-Image-2020-05-21-at-11.19.18.jpeg\",\"contentUrl\":\"https:\/\/immatapies.com\/wp-content\/uploads\/2020\/05\/WhatsApp-Image-2020-05-21-at-11.19.18.jpeg\",\"width\":2048,\"height\":944},{\"@type\":\"WebPage\",\"@id\":\"https:\/\/immatapies.com\/ca\/el-meu-projecte\/#webpage\",\"url\":\"https:\/\/immatapies.com\/ca\/el-meu-projecte\/\",\"name\":\"El meu projecte - Imma Tapies\",\"isPartOf\":{\"@id\":\"https:\/\/immatapies.com\/#website\"},\"primaryImageOfPage\":{\"@id\":\"https:\/\/immatapies.com\/ca\/el-meu-projecte\/#primaryimage\"},\"datePublished\":\"2020-05-21T10:56:31+00:00\",\"dateModified\":\"2021-01-19T12:55:11+00:00\",\"author\":{\"@id\":\"https:\/\/immatapies.com\/#\/schema\/person\/e0bc5e71d0a399049e3518c533b71db7\"},\"breadcrumb\":{\"@id\":\"https:\/\/immatapies.com\/ca\/el-meu-projecte\/#breadcrumb\"},\"inLanguage\":\"ca\",\"potentialAction\":[{\"@type\":\"ReadAction\",\"target\":[\"https:\/\/immatapies.com\/ca\/el-meu-projecte\/\"]}]},{\"@type\":\"BreadcrumbList\",\"@id\":\"https:\/\/immatapies.com\/ca\/el-meu-projecte\/#breadcrumb\",\"itemListElement\":[{\"@type\":\"ListItem\",\"position\":1,\"name\":\"Portada\",\"item\":\"https:\/\/immatapies.com\/\"},{\"@type\":\"ListItem\",\"position\":2,\"name\":\"El meu projecte\"}]},{\"@type\":\"Person\",\"@id\":\"https:\/\/immatapies.com\/#\/schema\/person\/e0bc5e71d0a399049e3518c533b71db7\",\"name\":\"Imma\",\"image\":{\"@type\":\"ImageObject\",\"@id\":\"https:\/\/immatapies.com\/#personlogo\",\"inLanguage\":\"ca\",\"url\":\"https:\/\/secure.gravatar.com\/avatar\/6295618efb727a05db540b853f73a8660158786c4b175be6b518f03f8cd02735?s=96&d=mm&r=g\",\"contentUrl\":\"https:\/\/secure.gravatar.com\/avatar\/6295618efb727a05db540b853f73a8660158786c4b175be6b518f03f8cd02735?s=96&d=mm&r=g\",\"caption\":\"Imma\"},\"url\":\"https:\/\/immatapies.com\/ca\/author\/imma\/\"}]}<\/script>\n<!-- \/ Yoast SEO plugin. -->","yoast_head_json":{"title":"El meu projecte - Imma Tapies","robots":{"index":"index","follow":"follow","max-snippet":"max-snippet:-1","max-image-preview":"max-image-preview:large","max-video-preview":"max-video-preview:-1"},"canonical":"https:\/\/immatapies.com\/ca\/el-meu-projecte\/","og_locale":"ca_ES","og_type":"article","og_title":"El meu projecte - Imma Tapies","og_description":"Aquesta s\u00f3c jo ahir dia 20 de maig de 2020, entre nerviosa i emocionada just abans de l&#8217;entrevista de r\u00e0dio a RAC1 al programa &#8220;Tot \u00e9s possible&#8221; Vaig tenir l&#8217;oportunitat d&#8217;explicar part del meu projecte a trav\u00e9s d&#8217;un gran altaveu i em sento afortunada. Un dels meus objectius \u00e9s comen\u00e7ar a sembrar la llavor de [&hellip;]","og_url":"https:\/\/immatapies.com\/ca\/el-meu-projecte\/","og_site_name":"Imma Tapies","article_publisher":"https:\/\/www.facebook.com\/Imma-T%c3%a0pies-Coach-107815320917707\/","article_published_time":"2020-05-21T10:56:31+00:00","article_modified_time":"2021-01-19T12:55:11+00:00","og_image":[{"width":2048,"height":944,"url":"https:\/\/immatapies.com\/wp-content\/uploads\/2020\/05\/WhatsApp-Image-2020-05-21-at-11.19.18.jpeg","type":"image\/jpeg"}],"twitter_card":"summary_large_image","twitter_misc":{"Escrit per":"Imma","Temps estimat de lectura":"1 minut"},"schema":{"@context":"https:\/\/schema.org","@graph":[{"@type":"WebSite","@id":"https:\/\/immatapies.com\/#website","url":"https:\/\/immatapies.com\/","name":"Imma Tapies","description":"Creadora de la carpeta M\u00c1SDEM\u00cd, legado emocional","potentialAction":[{"@type":"SearchAction","target":{"@type":"EntryPoint","urlTemplate":"https:\/\/immatapies.com\/?s={search_term_string}"},"query-input":"required name=search_term_string"}],"inLanguage":"ca"},{"@type":"ImageObject","@id":"https:\/\/immatapies.com\/ca\/el-meu-projecte\/#primaryimage","inLanguage":"ca","url":"https:\/\/immatapies.com\/wp-content\/uploads\/2020\/05\/WhatsApp-Image-2020-05-21-at-11.19.18.jpeg","contentUrl":"https:\/\/immatapies.com\/wp-content\/uploads\/2020\/05\/WhatsApp-Image-2020-05-21-at-11.19.18.jpeg","width":2048,"height":944},{"@type":"WebPage","@id":"https:\/\/immatapies.com\/ca\/el-meu-projecte\/#webpage","url":"https:\/\/immatapies.com\/ca\/el-meu-projecte\/","name":"El meu projecte - Imma Tapies","isPartOf":{"@id":"https:\/\/immatapies.com\/#website"},"primaryImageOfPage":{"@id":"https:\/\/immatapies.com\/ca\/el-meu-projecte\/#primaryimage"},"datePublished":"2020-05-21T10:56:31+00:00","dateModified":"2021-01-19T12:55:11+00:00","author":{"@id":"https:\/\/immatapies.com\/#\/schema\/person\/e0bc5e71d0a399049e3518c533b71db7"},"breadcrumb":{"@id":"https:\/\/immatapies.com\/ca\/el-meu-projecte\/#breadcrumb"},"inLanguage":"ca","potentialAction":[{"@type":"ReadAction","target":["https:\/\/immatapies.com\/ca\/el-meu-projecte\/"]}]},{"@type":"BreadcrumbList","@id":"https:\/\/immatapies.com\/ca\/el-meu-projecte\/#breadcrumb","itemListElement":[{"@type":"ListItem","position":1,"name":"Portada","item":"https:\/\/immatapies.com\/"},{"@type":"ListItem","position":2,"name":"El meu projecte"}]},{"@type":"Person","@id":"https:\/\/immatapies.com\/#\/schema\/person\/e0bc5e71d0a399049e3518c533b71db7","name":"Imma","image":{"@type":"ImageObject","@id":"https:\/\/immatapies.com\/#personlogo","inLanguage":"ca","url":"https:\/\/secure.gravatar.com\/avatar\/6295618efb727a05db540b853f73a8660158786c4b175be6b518f03f8cd02735?s=96&d=mm&r=g","contentUrl":"https:\/\/secure.gravatar.com\/avatar\/6295618efb727a05db540b853f73a8660158786c4b175be6b518f03f8cd02735?s=96&d=mm&r=g","caption":"Imma"},"url":"https:\/\/immatapies.com\/ca\/author\/imma\/"}]}},"_links":{"self":[{"href":"https:\/\/immatapies.com\/ca\/wp-json\/wp\/v2\/posts\/1744","targetHints":{"allow":["GET"]}}],"collection":[{"href":"https:\/\/immatapies.com\/ca\/wp-json\/wp\/v2\/posts"}],"about":[{"href":"https:\/\/immatapies.com\/ca\/wp-json\/wp\/v2\/types\/post"}],"author":[{"embeddable":true,"href":"https:\/\/immatapies.com\/ca\/wp-json\/wp\/v2\/users\/4"}],"replies":[{"embeddable":true,"href":"https:\/\/immatapies.com\/ca\/wp-json\/wp\/v2\/comments?post=1744"}],"version-history":[{"count":9,"href":"https:\/\/immatapies.com\/ca\/wp-json\/wp\/v2\/posts\/1744\/revisions"}],"predecessor-version":[{"id":2506,"href":"https:\/\/immatapies.com\/ca\/wp-json\/wp\/v2\/posts\/1744\/revisions\/2506"}],"wp:featuredmedia":[{"embeddable":true,"href":"https:\/\/immatapies.com\/ca\/wp-json\/wp\/v2\/media\/1745"}],"wp:attachment":[{"href":"https:\/\/immatapies.com\/ca\/wp-json\/wp\/v2\/media?parent=1744"}],"wp:term":[{"taxonomy":"category","embeddable":true,"href":"https:\/\/immatapies.com\/ca\/wp-json\/wp\/v2\/categories?post=1744"},{"taxonomy":"post_tag","embeddable":true,"href":"https:\/\/immatapies.com\/ca\/wp-json\/wp\/v2\/tags?post=1744"}],"curies":[{"name":"wp","href":"https:\/\/api.w.org\/{rel}","templated":true}]}}